{"id":114,"date":"2026-01-30T16:28:11","date_gmt":"2026-01-30T15:28:11","guid":{"rendered":"https:\/\/krkdanas.hr\/?p=114"},"modified":"2026-02-12T22:09:05","modified_gmt":"2026-02-12T21:09:05","slug":"knjiga-ljepote-otoka-krka-2","status":"publish","type":"post","link":"https:\/\/krkdanas.hr\/de\/knjiga-ljepote-otoka-krka-2\/","title":{"rendered":"Wir hielten das fertige Exemplar des Buches \"Die Sch\u00f6nheiten der Insel Krk 2\" in den H\u00e4nden"},"content":{"rendered":"<p>Wir hatten die seltene und sch\u00f6ne Gelegenheit, ein fertiges, frisch gedrucktes Exemplar der neuen Fotomonografie&nbsp;<strong>Die Sch\u00f6nheiten der Insel Krk 2<\/strong>&nbsp;von&nbsp;<strong>Sr\u0111an Hulak<\/strong>durchzubl\u00e4ttern, und bereits nach den ersten Seiten war klar, dass es sich um eine Publikation handelt, die weit \u00fcber ein klassisches Fotobuch hinausgeht.<\/p>\n\n\n\n<p>Diese erweiterte Ausgabe umfasst 167 Seiten und 145 Fotografien, doch Zahlen verlieren hier schnell an Bedeutung. Was bleibt, ist ein Gef\u00fchl. Das Buch wird nicht einfach durchgebl\u00e4ttert, sondern erlebt. Die Fotografien wollen nicht mit Technik beeindrucken, sondern mit Atmosph\u00e4re, Stille, Licht und einem Zeitgef\u00fchl, das sich auf der Insel Krk langsamer ver\u00e4ndert als anderswo.<\/p>\n\n\n\n<p>Einen besonders starken Eindruck hinterl\u00e4sst das Konzept der vier Jahreszeiten. Krk ist hier keine sommerliche Postkarte, sondern eine lebendige Insel, die das ganze Jahr \u00fcber atmet. Stein, Meer, Wald und Himmel werden ohne Besch\u00f6nigung, aber mit au\u00dfergew\u00f6hnlicher Sorgfalt gezeigt, so wie sie jemand sieht, der die Insel nicht als Kulisse betrachtet, sondern als einen Ort der stetigen R\u00fcckkehr.<\/p>\n\n\n\n<p>Die Texte im Buch verst\u00e4rken diesen Eindruck zus\u00e4tzlich. Sie nehmen den Leser nicht an die Hand, sondern laden dazu ein, langsamer zu werden, zu schauen und selbst Schl\u00fcsse zu ziehen. Aus ihnen wird deutlich, dass dieses Projekt \u00fcber einen langen Zeitraum hinweg, geduldig und pers\u00f6nlich, \u00fcber mehr als ein Jahrzehnt kontinuierlicher Arbeit entstanden ist. Krk wird hier als Raum des Lernens, der Beobachtung und der stillen Kraft der Natur dargestellt und nicht als touristisches Produkt.<\/p>\n\n\n\n<p>Visuell ist das Buch au\u00dfergew\u00f6hnlich klar und durchdacht gestaltet. Die neue Farbgebung, das neue Cover und der Rhythmus der \u00dcberg\u00e4nge zwischen den Fotografien vermitteln Reife und Sicherheit im eigenen Ausdruck. Es ist ein Buch, zu dem man zur\u00fcckkehrt, nicht um etwas \u201eanzuschauen\u201c, sondern um es erneut zu sp\u00fcren.<\/p>\n\n\n\n<p>Die Sch\u00f6nheiten der Insel Krk 2 ist kein Buch, das man schnell durchbl\u00e4ttert und ins Regal stellt. Es ist eine Publikation, die langsam zur Referenz wird, sowohl f\u00fcr die Insel als auch f\u00fcr die Art und Weise, wie sie ehrlich pr\u00e4sentiert werden kann. Ohne L\u00e4rm. Ohne Eile. Ohne falsches Bild.<\/p>\n\n\n\n<p>Wir freuen uns auf die bevorstehende Pr\u00e4sentation der Fotomonografie und auf die Gelegenheit, diese Ausgabe dem Publikum live vorzustellen, so wie sie es verdient.<\/p>\n\n\n\n<p><\/p>","protected":false},"excerpt":{"rendered":"<p>Wir hatten die seltene und sch\u00f6ne Gelegenheit, ein fertiges, frisch gedrucktes Exemplar der neuen Fotomonografie Die Sch\u00f6nheiten der Insel Krk 2 von Sr\u0111an Hulak durchzubl\u00e4ttern, und bereits nach den ersten Seiten war klar, dass es sich um eine Publikation handelt, die weit \u00fcber ein klassisches Fotobuch hinausgeht.<\/p>","protected":false},"author":1,"featured_media":1583,"comment_status":"open","ping_status":"open","sticky":false,"template":"","format":"standard","meta":{"footnotes":""},"categories":[11,12],"tags":[],"class_list":["post-114","post","type-post","status-publish","format-standard","has-post-thumbnail","hentry","category-aktualno","category-sve-s-krka"],"acf":[],"_links":{"self":[{"href":"https:\/\/krkdanas.hr\/de\/wp-json\/wp\/v2\/posts\/114","targetHints":{"allow":["GET"]}}],"collection":[{"href":"https:\/\/krkdanas.hr\/de\/wp-json\/wp\/v2\/posts"}],"about":[{"href":"https:\/\/krkdanas.hr\/de\/wp-json\/wp\/v2\/types\/post"}],"author":[{"embeddable":true,"href":"https:\/\/krkdanas.hr\/de\/wp-json\/wp\/v2\/users\/1"}],"replies":[{"embeddable":true,"href":"https:\/\/krkdanas.hr\/de\/wp-json\/wp\/v2\/comments?post=114"}],"version-history":[{"count":5,"href":"https:\/\/krkdanas.hr\/de\/wp-json\/wp\/v2\/posts\/114\/revisions"}],"predecessor-version":[{"id":1582,"href":"https:\/\/krkdanas.hr\/de\/wp-json\/wp\/v2\/posts\/114\/revisions\/1582"}],"wp:featuredmedia":[{"embeddable":true,"href":"https:\/\/krkdanas.hr\/de\/wp-json\/wp\/v2\/media\/1583"}],"wp:attachment":[{"href":"https:\/\/krkdanas.hr\/de\/wp-json\/wp\/v2\/media?parent=114"}],"wp:term":[{"taxonomy":"category","embeddable":true,"href":"https:\/\/krkdanas.hr\/de\/wp-json\/wp\/v2\/categories?post=114"},{"taxonomy":"post_tag","embeddable":true,"href":"https:\/\/krkdanas.hr\/de\/wp-json\/wp\/v2\/tags?post=114"}],"curies":[{"name":"wp","href":"https:\/\/api.w.org\/{rel}","templated":true}]}}